{"id":23,"date":"2014-01-01T03:45:50","date_gmt":"2014-01-01T01:45:50","guid":{"rendered":"http:\/\/daniel.kl\u00f6pper.eu\/neu\/?p=23"},"modified":"2015-12-30T23:16:04","modified_gmt":"2015-12-30T21:16:04","slug":"herzlich-willkommen","status":"publish","type":"post","link":"https:\/\/daniel-kloepper.de\/?p=23","title":{"rendered":"\u201eDas pers\u00f6nliche Gespr\u00e4ch mit Ihnen ist mir wichtig.\u201c"},"content":{"rendered":"<h4><a href=\"http:\/\/daniel.xn--klpper-xxa.eu\/wp-content\/uploads\/2014\/01\/kloepper_neu.png\"><img loading=\"lazy\" decoding=\"async\" class=\"alignleft size-full wp-image-224\" src=\"http:\/\/daniel.xn--klpper-xxa.eu\/wp-content\/uploads\/2014\/01\/kloepper_neu.png\" alt=\"kloepper_neu\" width=\"265\" height=\"325\" srcset=\"https:\/\/daniel-kloepper.de\/wp-content\/uploads\/2014\/01\/kloepper_neu.png 265w, https:\/\/daniel-kloepper.de\/wp-content\/uploads\/2014\/01\/kloepper_neu-244x300.png 244w\" sizes=\"auto, (max-width: 265px) 100vw, 265px\" \/><\/a><strong>Sehr geehrte Mitb\u00fcrgerinnen und Mitb\u00fcrger!<\/strong><\/h4>\n<p><strong>Als Stadtverordneter im Rat der Stadt Frechen<br \/>\nsetze ich mich f\u00fcr die Interessen der B\u00fcrgerinnen<br \/>\nund B\u00fcrger unserer Stadt ein.<\/strong><\/p>\n<p><strong>Gerne stehe ich Ihnen f\u00fcr Fragen, Anregungen,<br \/>\nKritik oder ein pers\u00f6nliches Gespr\u00e4ch zur Verf\u00fcgung.<\/strong><\/p>\n<p><strong>Mit freundlichen Gr\u00fc\u00dfen<\/strong><\/p>\n<p><strong>Ihr Daniel Kl\u00f6pper<\/strong><\/p>\n<p>&nbsp;<\/p>\n<p><strong>F\u00fcr Sie im Rat der Stadt Frechen<\/strong><br \/>\n<strong> Wahlbezirk 18 (Frechen-Bachem)<\/strong><\/p>\n","protected":false},"excerpt":{"rendered":"<p>Sehr geehrte Mitb\u00fcrgerinnen und Mitb\u00fcrger! Als Stadtverordneter im Rat der Stadt Frechen setze ich mich f\u00fcr die Interessen der B\u00fcrgerinnen und B\u00fcrger unserer Stadt ein. Gerne stehe ich Ihnen f\u00fcr Fragen, Anregungen, Kritik oder ein pers\u00f6nliches Gespr\u00e4ch zur Verf\u00fcgung. Mit freundlichen Gr\u00fc\u00dfen Ihr Daniel Kl\u00f6pper &nbsp; F\u00fcr Sie im Rat der Stadt Frechen Wahlbezirk 18 &hellip; <\/p>\n<p><a class=\"more-link btn\" href=\"https:\/\/daniel-kloepper.de\/?p=23\">Weiterlesen<\/a><\/p>\n","protected":false},"author":1,"featured_media":0,"comment_status":"open","ping_status":"open","sticky":false,"template":"","format":"standard","meta":{"_jetpack_memberships_contains_paid_content":false,"footnotes":""},"categories":[42,10],"tags":[],"class_list":["post-23","post","type-post","status-publish","format-standard","hentry","category-aktuelles","category-allgemein","item-wrap"],"jetpack_featured_media_url":"","jetpack_sharing_enabled":true,"_links":{"self":[{"href":"https:\/\/daniel-kloepper.de\/index.php?rest_route=\/wp\/v2\/posts\/23","targetHints":{"allow":["GET"]}}],"collection":[{"href":"https:\/\/daniel-kloepper.de\/index.php?rest_route=\/wp\/v2\/posts"}],"about":[{"href":"https:\/\/daniel-kloepper.de\/index.php?rest_route=\/wp\/v2\/types\/post"}],"author":[{"embeddable":true,"href":"https:\/\/daniel-kloepper.de\/index.php?rest_route=\/wp\/v2\/users\/1"}],"replies":[{"embeddable":true,"href":"https:\/\/daniel-kloepper.de\/index.php?rest_route=%2Fwp%2Fv2%2Fcomments&post=23"}],"version-history":[{"count":79,"href":"https:\/\/daniel-kloepper.de\/index.php?rest_route=\/wp\/v2\/posts\/23\/revisions"}],"predecessor-version":[{"id":487,"href":"https:\/\/daniel-kloepper.de\/index.php?rest_route=\/wp\/v2\/posts\/23\/revisions\/487"}],"wp:attachment":[{"href":"https:\/\/daniel-kloepper.de\/index.php?rest_route=%2Fwp%2Fv2%2Fmedia&parent=23"}],"wp:term":[{"taxonomy":"category","embeddable":true,"href":"https:\/\/daniel-kloepper.de\/index.php?rest_route=%2Fwp%2Fv2%2Fcategories&post=23"},{"taxonomy":"post_tag","embeddable":true,"href":"https:\/\/daniel-kloepper.de\/index.php?rest_route=%2Fwp%2Fv2%2Ftags&post=23"}],"curies":[{"name":"wp","href":"https:\/\/api.w.org\/{rel}","templated":true}]}}